{"id":2412,"date":"2017-06-23T00:48:19","date_gmt":"2017-06-23T03:48:19","guid":{"rendered":"http:\/\/memoriasdemochila.com.br\/blog\/?p=2412"},"modified":"2018-02-24T13:58:13","modified_gmt":"2018-02-24T16:58:13","slug":"guia-definitivo-carretera-austral","status":"publish","type":"post","link":"http:\/\/memoriasdemochila.com.br\/blog\/2017\/06\/23\/guia-definitivo-carretera-austral\/","title":{"rendered":"Um guia definitivo para cruzar a Carretera Austral"},"content":{"rendered":"<p>[et_pb_section admin_label=&#8221;section&#8221;][et_pb_row admin_label=&#8221;row&#8221;][et_pb_column type=&#8221;4_4&#8243;][et_pb_text admin_label=&#8221;Frase Destaque&#8221; background_layout=&#8221;light&#8221; text_orientation=&#8221;center&#8221; use_border_color=&#8221;off&#8221; border_color=&#8221;#ffffff&#8221; border_style=&#8221;solid&#8221;]<\/p>\n<h4 style=\"text-align: center;\"><strong>A Carretera Austral \u00e9 uma incr\u00edvel estrada chilena que liga a regi\u00e3o de Los Lagos \u00e0 regi\u00e3o de Ays\u00e9n, na zona sul\u00a0do pa\u00eds, e corta uma das regi\u00f5es mais isoladas e in\u00f3spitas do Chile, a zona rural da Patag\u00f4nia.<\/strong><\/h4>\n<p>[\/et_pb_text][et_pb_divider admin_label=&#8221;Divisor&#8221; color=&#8221;#ffffff&#8221; show_divider=&#8221;off&#8221; height=&#8221;15&#8243; divider_style=&#8221;solid&#8221; divider_position=&#8221;top&#8221; hide_on_mobile=&#8221;on&#8221;] [\/et_pb_divider][et_pb_text admin_label=&#8221;Intro&#8221; background_layout=&#8221;light&#8221; text_orientation=&#8221;justified&#8221; use_border_color=&#8221;off&#8221; border_color=&#8221;#ffffff&#8221; border_style=&#8221;solid&#8221;]<\/p>\n<p>A <strong>Carretera Austral\u00a0<\/strong>tem <strong>1.240 quil\u00f4metros<\/strong> e conecta\u00a0Puerto Montt &#8211; porta de entrada da Patag\u00f4nia chilena &#8211; \u00e0 Villa O&#8217;Higgins, um pequeno povoado de pouco mais de 600 habitantes em uma das regi\u00f5es mais inabitadas do pa\u00eds.<\/p>\n<p><strong>A estrada\u00a0\u00e9 mundialmente famosa!<\/strong> \u00c9 vista como um desafio a se superar por muitos turistas que passam pela gelada regi\u00e3o. O que n\u00e3o falta s\u00e3o viajantes a percorrendo, seja de carro, de moto, de bicicleta, ou at\u00e9 mesmo na base da boa e velha carona. Encontramos um pouco de cada um desses tipos em nossa passagem por l\u00e1!<\/p>\n<p>O que torna o caminho t\u00e3o incr\u00edvel \u00e9, sem d\u00favida, a beleza da natureza da regi\u00e3o. Chega a ser indescrit\u00edvel em alguns momentos. Por muitas vezes (muitas vezes mesmo!) n\u00f3s par\u00e1vamos para tirar fotos e admirar a grandeza do lugar onde est\u00e1vamos, sem entender como podia haver uma estrada ali, no meio do absoluto nada!<\/p>\n<p>Nos mais de 1.200 km de Carretera Austral, passamos por muitos trechos onde entramos em contato com a natureza na sua forma mais pura, sem nenhuma interven\u00e7\u00e3o humana.<\/p>\n<p>Passamos por pontos\u00a0em que nosso carro ficava a poucos metros de um enorme penhasco de um lado e uma enorme montanha do outro, cruzamos in\u00fameras pontes de madeira (torcendo para elas aguentarem o peso do <a href=\"http:\/\/memoriasdemochila.com.br\/blog\/2017\/02\/10\/a-escolha-do-carro\/\">Charlie!<\/a>) estrategicamente colocadas no meio do nada, contornamos o segundo maior lago da Am\u00e9rica do Sul, o lago General Carrera, dormimos em uma vila min\u00fascula que tinha 3 ou 4 ruas e somente 200 habitantes e pudemos acompanhar de perto, por quase 10 dias, como \u00e9 viver em uma das zonas mais isoladas da Am\u00e9rica.<\/p>\n<p><strong>Foram dias realmente incr\u00edveis!<\/strong><\/p>\n<p>[\/et_pb_text][et_pb_divider admin_label=&#8221;Divisor&#8221; color=&#8221;#ffffff&#8221; show_divider=&#8221;off&#8221; height=&#8221;5&#8243; divider_style=&#8221;solid&#8221; divider_position=&#8221;top&#8221; hide_on_mobile=&#8221;on&#8221;] [\/et_pb_divider][et_pb_image admin_label=&#8221;Imagem&#8221; src=&#8221;http:\/\/memoriasdemochila.com.br\/blog\/wp-content\/uploads\/2017\/06\/IMG_0753-1-e1497142517578.jpg&#8221; alt=&#8221;Carretera Austral&#8221; show_in_lightbox=&#8221;off&#8221; url_new_window=&#8221;off&#8221; use_overlay=&#8221;off&#8221; animation=&#8221;left&#8221; sticky=&#8221;off&#8221; align=&#8221;left&#8221; force_fullwidth=&#8221;off&#8221; always_center_on_mobile=&#8221;on&#8221; use_border_color=&#8221;off&#8221; border_color=&#8221;#ffffff&#8221; border_style=&#8221;solid&#8221;] [\/et_pb_image][\/et_pb_column][\/et_pb_row][et_pb_row admin_label=&#8221;Linha&#8221;][et_pb_column type=&#8221;1_2&#8243;][et_pb_image admin_label=&#8221;Imagem&#8221; src=&#8221;http:\/\/memoriasdemochila.com.br\/blog\/wp-content\/uploads\/2017\/06\/IMG_0764-1-1-e1497142700522.jpg&#8221; alt=&#8221;Carretera Austral&#8221; show_in_lightbox=&#8221;off&#8221; url_new_window=&#8221;off&#8221; use_overlay=&#8221;off&#8221; animation=&#8221;left&#8221; sticky=&#8221;off&#8221; align=&#8221;left&#8221; force_fullwidth=&#8221;off&#8221; always_center_on_mobile=&#8221;on&#8221; use_border_color=&#8221;off&#8221; border_color=&#8221;#ffffff&#8221; border_style=&#8221;solid&#8221;] [\/et_pb_image][\/et_pb_column][et_pb_column type=&#8221;1_2&#8243;][et_pb_image admin_label=&#8221;Imagem&#8221; src=&#8221;http:\/\/memoriasdemochila.com.br\/blog\/wp-content\/uploads\/2017\/06\/IMG_0773-1-e1497923543281.jpg&#8221; alt=&#8221;Carretera Austral&#8221; show_in_lightbox=&#8221;off&#8221; url_new_window=&#8221;off&#8221; use_overlay=&#8221;off&#8221; animation=&#8221;left&#8221; sticky=&#8221;off&#8221; align=&#8221;left&#8221; force_fullwidth=&#8221;off&#8221; always_center_on_mobile=&#8221;on&#8221; use_border_color=&#8221;off&#8221; border_color=&#8221;#ffffff&#8221; border_style=&#8221;solid&#8221;] [\/et_pb_image][\/et_pb_column][\/et_pb_row][et_pb_row admin_label=&#8221;Linha&#8221;][et_pb_column type=&#8221;4_4&#8243;][et_pb_text admin_label=&#8221;Intro2&#8243; background_layout=&#8221;light&#8221; text_orientation=&#8221;left&#8221; use_border_color=&#8221;off&#8221; border_color=&#8221;#ffffff&#8221; border_style=&#8221;solid&#8221;]<\/p>\n<p style=\"text-align: center;\"><strong>Mas nem tudo s\u00e3o flores, certo?<\/strong><\/p>\n<p>A estrada \u00e9 em sua maior parte de r\u00edpio, em muitos trechos muito ruins. Em v\u00e1rios momentos do caminho voc\u00ea ter\u00e1 que escolher se cai em 3 ou 4 buracos, n\u00e3o tem jeito. Pegamos chuva em v\u00e1rios trechos da Carretera. Acredito que isso tenha piorado\u00a0ainda mais a situa\u00e7\u00e3o das vias. Em \u00e9pocas de seca a estrada deve ficar melhor!<\/p>\n<p>Al\u00e9m disso, \u00e9 importante deixar claro que em pouqu\u00edssimos momentos voc\u00ea ir\u00e1 ultrapassar os 50 km\/h. Portanto,\u00a0percorrer &#8220;apenas&#8221; 200 km em um dia pode significar umas boas\u00a0horas de estrada.<\/p>\n<p>\u00c9 preciso ter paci\u00eancia, muita aten\u00e7\u00e3o e abusar de dire\u00e7\u00e3o defensiva. Cruzamos com v\u00e1rios motoristas loucos pelo caminho (inclusive de caminh\u00e3o).<\/p>\n<p>O caminho \u00e9 realmente maravilhoso, mas dirigir por tantos km em uma estrada como a Carretera Austral pode, por incr\u00edvel que pare\u00e7a, ser estressante e, de certa forma, perigoso. Portanto, muita aten\u00e7\u00e3o!<\/p>\n<p>[\/et_pb_text][\/et_pb_column][\/et_pb_row][et_pb_row admin_label=&#8221;Linha&#8221;][et_pb_column type=&#8221;1_3&#8243;][et_pb_image admin_label=&#8221;Imagem&#8221; src=&#8221;http:\/\/memoriasdemochila.com.br\/blog\/wp-content\/uploads\/2017\/06\/IMG_0882-1-e1497923723711.jpg&#8221; alt=&#8221;Carretera Austral&#8221; show_in_lightbox=&#8221;off&#8221; url_new_window=&#8221;off&#8221; use_overlay=&#8221;off&#8221; animation=&#8221;left&#8221; sticky=&#8221;off&#8221; align=&#8221;left&#8221; force_fullwidth=&#8221;off&#8221; always_center_on_mobile=&#8221;on&#8221; use_border_color=&#8221;off&#8221; border_color=&#8221;#ffffff&#8221; border_style=&#8221;solid&#8221;] [\/et_pb_image][\/et_pb_column][et_pb_column type=&#8221;1_3&#8243;][et_pb_image admin_label=&#8221;Imagem&#8221; src=&#8221;http:\/\/memoriasdemochila.com.br\/blog\/wp-content\/uploads\/2017\/06\/IMG_0872-1-e1497923663358.jpg&#8221; alt=&#8221;Carretera Austral&#8221; show_in_lightbox=&#8221;off&#8221; url_new_window=&#8221;off&#8221; use_overlay=&#8221;off&#8221; animation=&#8221;left&#8221; sticky=&#8221;off&#8221; align=&#8221;left&#8221; force_fullwidth=&#8221;off&#8221; always_center_on_mobile=&#8221;on&#8221; use_border_color=&#8221;off&#8221; border_color=&#8221;#ffffff&#8221; border_style=&#8221;solid&#8221;] [\/et_pb_image][\/et_pb_column][et_pb_column type=&#8221;1_3&#8243;][et_pb_image admin_label=&#8221;Imagem&#8221; src=&#8221;http:\/\/memoriasdemochila.com.br\/blog\/wp-content\/uploads\/2017\/06\/IMG_0871-1-e1497923645199.jpg&#8221; alt=&#8221;Carretera Austral&#8221; show_in_lightbox=&#8221;off&#8221; url_new_window=&#8221;off&#8221; use_overlay=&#8221;off&#8221; animation=&#8221;left&#8221; sticky=&#8221;off&#8221; align=&#8221;left&#8221; force_fullwidth=&#8221;off&#8221; always_center_on_mobile=&#8221;on&#8221; use_border_color=&#8221;off&#8221; border_color=&#8221;#ffffff&#8221; border_style=&#8221;solid&#8221;] [\/et_pb_image][\/et_pb_column][\/et_pb_row][et_pb_row admin_label=&#8221;Linha&#8221;][et_pb_column type=&#8221;4_4&#8243;][et_pb_divider admin_label=&#8221;Divisor&#8221; color=&#8221;#ffffff&#8221; show_divider=&#8221;off&#8221; height=&#8221;15&#8243; divider_style=&#8221;solid&#8221; divider_position=&#8221;top&#8221; hide_on_mobile=&#8221;on&#8221;] [\/et_pb_divider][et_pb_text admin_label=&#8221;Inicio Guia&#8221; background_layout=&#8221;light&#8221; text_orientation=&#8221;justified&#8221; use_border_color=&#8221;off&#8221; border_color=&#8221;#ffffff&#8221; border_style=&#8221;solid&#8221;]<\/p>\n<h4 style=\"text-align: center;\"><strong>Para\u00a0ajudar futuros viajantes, resolvemos criar o guia abaixo para quem quiser se aventurar pela incr\u00edvel Carretera Austral!<\/strong><\/h4>\n<p>[\/et_pb_text][et_pb_divider admin_label=&#8221;Divisor&#8221; color=&#8221;#ffffff&#8221; show_divider=&#8221;off&#8221; height=&#8221;15&#8243; divider_style=&#8221;solid&#8221; divider_position=&#8221;top&#8221; hide_on_mobile=&#8221;on&#8221;] [\/et_pb_divider][\/et_pb_column][\/et_pb_row][et_pb_row admin_label=&#8221;row&#8221;][et_pb_column type=&#8221;4_4&#8243;][et_pb_text admin_label=&#8221;FAQ1 Como Chegar&#8221; background_layout=&#8221;light&#8221; text_orientation=&#8221;justified&#8221; use_border_color=&#8221;off&#8221; border_color=&#8221;#ffffff&#8221; border_style=&#8221;solid&#8221;]<\/p>\n<p><span style=\"font-size: 12pt;\"><strong>COMO CHEGAR?<\/strong><\/span><\/p>\n<p>O principal acesso, para quem vem do norte do Chile, \u00e9 por Puerto Montt, onde a Carretera Austral come\u00e7a.<\/p>\n<p>Para quem vem do sul (como foi o nosso caso), o principal acesso \u00e9 por Chile Chico, uma pequena cidade na fronteira do Chile com a Argentina.<\/p>\n<p>De Chile Chico, pegue a CH-265 (mais abaixo falaremos desse trecho maravilhoso da estrada) e dirija 115\u00a0km at\u00e9 cruzar com\u00a0a Carretera Austral.<\/p>\n<p>Nesse ponto\u00a0voc\u00ea tem 3 op\u00e7\u00f5es:<\/p>\n<p>a) Siga para o sul, passando por Puerto Bertrand, Cochrane e Villa O&#8217;Higgins, onde termina a Carretera Austral;<\/p>\n<p>b) Siga para o norte, passando por Puerto R\u00edo Tranquilo (e as famosas <a href=\"http:\/\/memoriasdemochila.com.br\/blog\/2017\/05\/31\/puerto-rio-tranquilo-e-as-capelas-de-marmore\/\">Capelas\u00a0de M\u00e1rmore &#8211; veja aqui<\/a> nosso relato sobre esse incr\u00edvel lugar), Villa Cerro Castilho, Coihaique, Puyhuapi, Chait\u00e9n e, finalmente, Puerto Montt;<\/p>\n<p>c) Fa\u00e7a a combina\u00e7\u00e3o de A + B e percorra toda a Carretera Austral \ud83d\ude1b<\/p>\n<p>[\/et_pb_text][et_pb_divider admin_label=&#8221;Divisor&#8221; color=&#8221;#ffffff&#8221; show_divider=&#8221;off&#8221; height=&#8221;15&#8243; divider_style=&#8221;solid&#8221; divider_position=&#8221;top&#8221; hide_on_mobile=&#8221;on&#8221;] [\/et_pb_divider][et_pb_text admin_label=&#8221;FAQ2 Quando ir&#8221; background_layout=&#8221;light&#8221; text_orientation=&#8221;justified&#8221; use_border_color=&#8221;off&#8221; border_color=&#8221;#ffffff&#8221; border_style=&#8221;solid&#8221;]<\/p>\n<p><span style=\"font-size: 12pt;\"><strong>QUANDO IR?<\/strong><\/span><\/p>\n<p>Essa \u00e9 uma pergunta de dif\u00edcil resposta, pois depende do que o viajante est\u00e1 buscando.<\/p>\n<p>N\u00f3s fomos em Junho e pegamos poucos dias de sol. Pelo contr\u00e1rio, enfrentamos bastante frio e chuva. Para quem quer um clima mais agrad\u00e1vel, o ideal \u00e9 passar pela regi\u00e3o entre a Primavera e o Ver\u00e3o, de outubro a mar\u00e7o. \u00c9 o per\u00edodo ideal para aproveitar a natureza do local, acampar e fazer passeios ao ar livre.<\/p>\n<p>Contudo, como nas demais regi\u00f5es da Patag\u00f4nia, o clima \u00e9 bastante inst\u00e1vel. No mesmo dia pode haver chuva, sol, ventos e frio&#8230; \u00c9 bom estar sempre preparado, com roupas adequadas e, claro, sempre olhar a previs\u00e3o do tempo antes de cair na estrada!<\/p>\n<p>[\/et_pb_text][et_pb_divider admin_label=&#8221;Divisor&#8221; color=&#8221;#ffffff&#8221; show_divider=&#8221;off&#8221; height=&#8221;15&#8243; divider_style=&#8221;solid&#8221; divider_position=&#8221;top&#8221; hide_on_mobile=&#8221;on&#8221;] [\/et_pb_divider][et_pb_text admin_label=&#8221;FAQ3 Quantos dias&#8221; background_layout=&#8221;light&#8221; text_orientation=&#8221;justified&#8221; use_border_color=&#8221;off&#8221; border_color=&#8221;#ffffff&#8221; border_style=&#8221;solid&#8221;]<\/p>\n<p><span style=\"font-size: 12pt;\"><strong>QUANTOS DIAS?<\/strong><\/span><\/p>\n<p>Considerando a extens\u00e3o total da estrada e o seu estado de conserva\u00e7\u00e3o, no m\u00ednimo 10 dias. \u00c9 um tempo razo\u00e1vel para percorrer pequenos trechos por dia e conseguir aproveitar toda a paisagem fant\u00e1stica\u00a0dessa regi\u00e3o. Lembre-se que 200 km pode significar ficar de 5 a 6 horas dirigindo.<\/p>\n<p>[\/et_pb_text][et_pb_divider admin_label=&#8221;Divisor&#8221; color=&#8221;#ffffff&#8221; show_divider=&#8221;off&#8221; height=&#8221;15&#8243; divider_style=&#8221;solid&#8221; divider_position=&#8221;top&#8221; hide_on_mobile=&#8221;on&#8221;] [\/et_pb_divider][et_pb_text admin_label=&#8221;FAQ4 Estado Vias&#8221; background_layout=&#8221;light&#8221; text_orientation=&#8221;justified&#8221; use_border_color=&#8221;off&#8221; border_color=&#8221;#ffffff&#8221; border_style=&#8221;solid&#8221;]<\/p>\n<p><span style=\"font-size: 12pt;\"><strong>QUAL O ESTADO DA ESTRADA?<\/strong><\/span><\/p>\n<p><strong>A Carretera Austral n\u00e3o \u00e9 totalmente asfaltada.<\/strong> Longe disso. N\u00f3s rodamos quase 1.000 km por ela (927 km para ser mais exato) e encontramos asfalto em 532 km, ou 57% do caminho. O restante \u00e9 r\u00edpio, e um r\u00edpio bem\u00a0ruim em alguns pontos. H\u00e1 sites chilenos que dizem que apenas 30% da estrada \u00e9 asfaltada. No entanto, n\u00e3o foi isso que pudemos observar. Nesse ponto, nos surpreendeu, j\u00e1 que havia mais asfalto do que imagin\u00e1vamos.<\/p>\n<p>Contudo, o asfalto se concentra de Villa Cerro Castilho &#8220;pra cima&#8221;. De Cerro Castilho at\u00e9 Villa O&#8217;Higgins (470 km), quase n\u00e3o existe \u00e1rea asfaltada.<\/p>\n<p>Em rela\u00e7\u00e3o ao estado\u00a0da via, h\u00e1 trechos que est\u00e3o muito bons (geralmente os asfaltados), mas h\u00e1 trechos de r\u00edpio que est\u00e3o em um estado bem ruim. Em v\u00e1rios momentos\u00a0n\u00f3s tivemos que escolher em qual buraco o Charlie ia cair. Quando era somente em 1 buraco ele sa\u00eda no lucro. Quem passar pela regi\u00e3o em \u00e9poca de seca deve encontrar melhores condi\u00e7\u00f5es!<\/p>\n<p>H\u00e1 trechos de r\u00edpio que est\u00e3o bons, mas s\u00e3o sempre os trechos ruins que ficam na lembran\u00e7a.<\/p>\n<p>E n\u00e3o pense que nos trechos de asfalto voc\u00ea poder\u00e1 &#8220;tirar o atraso&#8221; e afundar o p\u00e9 no acelerador! Muitos desses trechos asfaltados s\u00e3o muito sinuosos, cortam montanhas, tem muitas curvas&#8230; ou seja, mesmo no asfalto, n\u00e3o corra! Aproveite a paisagem, curta a viagem e fique em seguran\u00e7a.<\/p>\n<p>Lembre-se que a chuva piora a qualidade do r\u00edpio. Mais buracos podem aparecer no solo, a pista fica mais escorregadia e a aventura aumenta!<\/p>\n<p>Por\u00e9m, obras est\u00e3o sendo feitas na estrada. A maioria delas\u00a0na parte norte da Carretera Austral, pr\u00f3ximo de Puyuhuapi e Chait\u00e9n.<\/p>\n<p>[\/et_pb_text][et_pb_divider admin_label=&#8221;Divisor&#8221; color=&#8221;#ffffff&#8221; show_divider=&#8221;off&#8221; height=&#8221;15&#8243; divider_style=&#8221;solid&#8221; divider_position=&#8221;top&#8221; hide_on_mobile=&#8221;on&#8221;] [\/et_pb_divider][et_pb_text admin_label=&#8221;FAQ4.1 Tipo de Carro&#8221; background_layout=&#8221;light&#8221; text_orientation=&#8221;justified&#8221; use_border_color=&#8221;off&#8221; border_color=&#8221;#ffffff&#8221; border_style=&#8221;solid&#8221;]<\/p>\n<p><span style=\"font-size: 12pt;\"><strong>PRECISO DE UM CARRO\u00a04&#215;4?<\/strong><\/span><\/p>\n<p><strong>N\u00e3o \u00e9 obrigat\u00f3rio um carro 4&#215;4 para realizar o percurso.<\/strong> \u00c9 recomendado, contudo, um carro um pouco mais alto, para evitar desgastes e poss\u00edveis problemas no caminho. Mas um carro sem tra\u00e7\u00e3o far\u00e1 o percurso\u00a0sem maiores problemas. Encontramos v\u00e1rios carros sem tra\u00e7\u00e3o pelo caminho.<\/p>\n<p>Caso chova na regi\u00e3o, voc\u00ea pode se complicar, pois h\u00e1 alguns trechos em\u00a0obras e a chuva pode transformar o caminho em um verdadeiro lama\u00e7al. Siga sempre com muita aten\u00e7\u00e3o ao volante e devagar que n\u00e3o ter\u00e1 problemas!<\/p>\n<p>[\/et_pb_text][et_pb_divider admin_label=&#8221;Divisor&#8221; color=&#8221;#ffffff&#8221; show_divider=&#8221;off&#8221; height=&#8221;15&#8243; divider_style=&#8221;solid&#8221; divider_position=&#8221;top&#8221; hide_on_mobile=&#8221;on&#8221;] [\/et_pb_divider][et_pb_text admin_label=&#8221;FAQ5 Infra&#8221; background_layout=&#8221;light&#8221; text_orientation=&#8221;justified&#8221; use_border_color=&#8221;off&#8221; border_color=&#8221;#ffffff&#8221; border_style=&#8221;solid&#8221;]<\/p>\n<h3><span style=\"font-size: 12pt;\"><strong>COMO \u00c9 A INFRAESTRUTURA DOS POVOADOS?\u00a0<\/strong><\/span><\/h3>\n<p>No geral, a infraestrutura dos povoados ao longo da Carretera Austral \u00e9 boa. Quase todos os povoados tem posto de gasolina, borracharia e op\u00e7\u00f5es de hospedagem e alimenta\u00e7\u00e3o (mesmo que poucas). Tudo muito simples, \u00e9 claro.<\/p>\n<p>H\u00e1 algumas op\u00e7\u00f5es de hospedagem de luxo em partes da estrada, como em Puerto Bertrand, Puyuhuapi e La Junta, mas n\u00e3o \u00e9 o comum das hospedagens na Carretera.<\/p>\n<p>N\u00f3s us\u00e1vamos o aplicativo iOverlander para buscar informa\u00e7\u00f5es sobre os locais que ir\u00edamos passar a noite antes de seguirmos viagem. Encontramos dados\u00a0importantes, seja com rela\u00e7\u00e3o \u00e0\u00a0hospedagem ou um local barato para comprar algo para comer!<\/p>\n<p>Ali\u00e1s, o iOverlander\u00a0\u00e9 \u00f3timo para viajantes! Um app essencial para quem quer se aventurar pelo mundo! Falamos um pouco mais sobre ele e outros aplicativos que utilizamos em nossa viagem\u00a0<a href=\"http:\/\/memoriasdemochila.com.br\/blog\/2017\/06\/14\/aplicativos-essenciais-viagem\/\">nesse post aqui<\/a>.<\/p>\n<p>Prepare o bolso, pois as hospedagens n\u00e3o s\u00e3o das mais baratas, apesar de serem bem simples. N\u00f3s fomos fora de temporada, fazia &#8211; MUITO frio e estava chovendo &#8211; e foi bem dif\u00edcil encontrar algo por menos de R$ 100,00\/di\u00e1ria. Em um dos povoados, a dona da pousada deixou a gente ficar em um quarto para 1 pessoa, desde que a gente coubesse na cama de solteiro. Tudo\u00a0para economizar.<\/p>\n<p><a href=\"http:\/\/memoriasdemochila.com.br\/blog\/wp-content\/uploads\/2017\/06\/IMG_0929-1.jpg\"><img loading=\"lazy\" decoding=\"async\" class=\"wp-image-2453 alignright\" src=\"http:\/\/memoriasdemochila.com.br\/blog\/wp-content\/uploads\/2017\/06\/IMG_0929-1-213x300.jpg\" alt=\"Carretera Austral Postos de Combustivel\" width=\"336\" height=\"473\" srcset=\"http:\/\/memoriasdemochila.com.br\/blog\/wp-content\/uploads\/2017\/06\/IMG_0929-1-213x300.jpg 213w, http:\/\/memoriasdemochila.com.br\/blog\/wp-content\/uploads\/2017\/06\/IMG_0929-1-768x1081.jpg 768w, http:\/\/memoriasdemochila.com.br\/blog\/wp-content\/uploads\/2017\/06\/IMG_0929-1-728x1024.jpg 728w, http:\/\/memoriasdemochila.com.br\/blog\/wp-content\/uploads\/2017\/06\/IMG_0929-1-600x845.jpg 600w, http:\/\/memoriasdemochila.com.br\/blog\/wp-content\/uploads\/2017\/06\/IMG_0929-1-1080x1520.jpg 1080w, http:\/\/memoriasdemochila.com.br\/blog\/wp-content\/uploads\/2017\/06\/IMG_0929-1.jpg 1455w\" sizes=\"auto, (max-width: 336px) 100vw, 336px\" \/><\/a><\/p>\n<p>Quanto a postos de combust\u00edvel, n\u00e3o tivemos nenhum problema! E acredito que voc\u00ea n\u00e3o ter\u00e1 tamb\u00e9m, desde que se planejar, \u00e9 claro!<\/p>\n<p>Na imagem ao lado inclu\u00edmos um mapa que mostra as principais cidades\/vilas que possuem postos de combust\u00edvel COPEC, inclusive no mapa tem at\u00e9 a dist\u00e2ncia de uma cidade pra outra. Clique no mapa para ampliar a foto e depois volta aqui no post pra continuar vendo as dicas \ud83d\ude42 Assim ficou f\u00e1cil, n\u00e9?<\/p>\n<p>Os pre\u00e7os do combust\u00edvel s\u00e3o, naturalmente, mais altos que os encontrados em outras regi\u00f5es do pa\u00eds. Chegamos a encontrar Diesel por 680 pesos chilenos\/litro, bem acima do praticado em outras cidades! Voc\u00ea pode conferir os pre\u00e7os do combust\u00edvel pelos pa\u00edses que passamos <a href=\"http:\/\/memoriasdemochila.com.br\/blog\/2017\/05\/15\/combustivel-na-america-do-sul\/\">neste post aqui<\/a>.<\/p>\n<p>Uma dica valiosa: abaste\u00e7a em Coyhaique! Foi l\u00e1 que encontramos o melhor pre\u00e7o de combust\u00edvel pela estrada (515 pesos\/litro de Diesel). Coyhaique \u00e9 a maior cidade da Carretera Austral, com mais de 55 mil habitantes. Para os viajantes que passam dias cruzando apenas pequenos povoados, esse lugar \u00e9 praticamente o para\u00edso. Aproveite e abaste\u00e7a a dispensa de comida em um dos supermercados grandes da cidade, com certeza os pre\u00e7os ser\u00e3o melhores que os das pequenas vilas!<\/p>\n<p>Resumindo, apesar dos pre\u00e7os serem um pouco mais altos, vai ser dif\u00edcil voc\u00ea ficar sem combust\u00edvel, comida ou hospedagem em seu trajeto pela Carretera Austral, fique tranquilo!<\/p>\n<p>[\/et_pb_text][et_pb_divider admin_label=&#8221;Divisor&#8221; color=&#8221;#ffffff&#8221; show_divider=&#8221;off&#8221; height=&#8221;5&#8243; divider_style=&#8221;solid&#8221; divider_position=&#8221;top&#8221; hide_on_mobile=&#8221;on&#8221;] [\/et_pb_divider][et_pb_text admin_label=&#8221;Texto Inicial balsa&#8221; background_layout=&#8221;light&#8221; text_orientation=&#8221;justified&#8221; use_border_color=&#8221;off&#8221; border_color=&#8221;#ffffff&#8221; border_style=&#8221;solid&#8221;]<\/p>\n<p><strong>O TRAJETO \u00c9 TODO FEITO POR TERRA?<\/strong><\/p>\n<p>Caso voc\u00ea cruze a Carretera Austral por completo, voc\u00ea n\u00e3o conseguir\u00e1 evitar\u00a0as balsas. Mas fique tranquilo, vamos dar todos os detalhes aqui.<\/p>\n<p>Vamos explicar o <strong>trajeto Norte &#8211; Sul\u00a0<\/strong>(ou seja, de Puerto Montt-Villa O&#8217;Higgins), mas caso voc\u00ea venha pelo sul e seu destino final seja Puerto Montt, \u00e9 s\u00f3 inverter a ordem das balsas \ud83d\ude09<\/p>\n<p>[\/et_pb_text][et_pb_divider admin_label=&#8221;Divisor&#8221; color=&#8221;#ffffff&#8221; show_divider=&#8221;off&#8221; height=&#8221;5&#8243; divider_style=&#8221;solid&#8221; divider_position=&#8221;top&#8221; hide_on_mobile=&#8221;on&#8221;] [\/et_pb_divider][et_pb_text admin_label=&#8221;Texto 1 balsa&#8221; background_layout=&#8221;light&#8221; text_orientation=&#8221;justified&#8221; use_border_color=&#8221;off&#8221; border_color=&#8221;#ffffff&#8221; border_style=&#8221;solid&#8221;]<\/p>\n<p><strong>BALSA 1 &#8211; CALETA LA ARENA AT\u00c9 CALETA PUELCH<\/strong><\/p>\n<p>A balsa est\u00e1 localizada 45 km ao sul de Puerto Montt e n\u00e3o precisa de reserva pr\u00e9via. H\u00e1 sa\u00eddas a cada 30 minutos \u2013 exceto alguns hor\u00e1rios de madrugada \u2013 e a viagem tamb\u00e9m demora 30 minutos. O embarque \u00e9 por ordem de chegada, portanto, na alta temporada sugiro que chegue com um pouco de anteced\u00eancia.<\/p>\n<p>O pagamento \u00e9 feito dentro da balsa mesmo. O pre\u00e7o para carros \u00e9 9.800 pesos chilenos (algo como R$ 50,00) e o motorista e passageiros do carro n\u00e3o pagam taxa adicional.<\/p>\n<p>&nbsp;<\/p>\n<p style=\"text-align: center;\"><strong>Imagem: Textos e hor\u00e1rios da primeira balsa &#8211; Clique na foto para ampliar<\/strong><\/p>\n<p><a href=\"http:\/\/memoriasdemochila.com.br\/blog\/wp-content\/uploads\/2017\/06\/IMG_0936-1.jpg\"><img loading=\"lazy\" decoding=\"async\" class=\"wp-image-2452 aligncenter\" src=\"http:\/\/memoriasdemochila.com.br\/blog\/wp-content\/uploads\/2017\/06\/IMG_0936-1-300x200.jpg\" alt=\"Carretera Austral Balsa Horarios\" width=\"513\" height=\"342\" srcset=\"http:\/\/memoriasdemochila.com.br\/blog\/wp-content\/uploads\/2017\/06\/IMG_0936-1-300x200.jpg 300w, http:\/\/memoriasdemochila.com.br\/blog\/wp-content\/uploads\/2017\/06\/IMG_0936-1-768x512.jpg 768w, http:\/\/memoriasdemochila.com.br\/blog\/wp-content\/uploads\/2017\/06\/IMG_0936-1-1024x683.jpg 1024w, http:\/\/memoriasdemochila.com.br\/blog\/wp-content\/uploads\/2017\/06\/IMG_0936-1-600x400.jpg 600w, http:\/\/memoriasdemochila.com.br\/blog\/wp-content\/uploads\/2017\/06\/IMG_0936-1-1080x720.jpg 1080w, http:\/\/memoriasdemochila.com.br\/blog\/wp-content\/uploads\/2017\/06\/IMG_0936-1.jpg 2048w\" sizes=\"auto, (max-width: 513px) 100vw, 513px\" \/><\/a><\/p>\n<p>[\/et_pb_text][et_pb_divider admin_label=&#8221;Divisor&#8221; color=&#8221;#ffffff&#8221; show_divider=&#8221;off&#8221; height=&#8221;5&#8243; divider_style=&#8221;solid&#8221; divider_position=&#8221;top&#8221; hide_on_mobile=&#8221;on&#8221;] [\/et_pb_divider][et_pb_text admin_label=&#8221;Texto 2 balsa&#8221; background_layout=&#8221;light&#8221; text_orientation=&#8221;justified&#8221; use_border_color=&#8221;off&#8221; border_color=&#8221;#ffffff&#8221; border_style=&#8221;solid&#8221;]<\/p>\n<p><strong>BALSA 2 &#8211;\u00a0HORNOPIR\u00c9N AT\u00c9 LEPTEPU<\/strong><\/p>\n<p>Essa travessia \u00e9 a mais cansativa e demorada. A balsa leva de 3 horas e meia a 4 horas para percorrer 33 milhas n\u00e1uticas entre Hornopir\u00e9n \u2013 considerada a \u201cporta norte da Carretera Austral\u201d \u2013 e Leptepu. N\u00e3o se preocupe que voc\u00ea n\u00e3o vai precisar ficar dentro do seu carro por todo esse tempo. A balsa possui\u00a0uma grande \u00e1rea com muitas mesas, poltronas, sof\u00e1s, banheiros e at\u00e9 uma cafeteria (com pre\u00e7os altos, \u00e9 claro) onde s\u00e3o vendidas comidas e bebidas. Muitos chilenos descem de seus carros com sacolas de comidas e armam verdadeiros banquetes nas mesas. Sugiro que fa\u00e7am o mesmo \ud83d\ude42<\/p>\n<p>Esse trajeto (assim como o da 3\u00aa balsa) \u00e9 pago e deve ser reservado com anteced\u00eancia pelo site da transportadora ou pessoalmente nas ag\u00eancias da empresa, que se chama Transportes Austral. Voc\u00ea pode visitar o site deles <a href=\"http:\/\/www.taustral.cl\/\">aqui<\/a>.<\/p>\n<p>A partir de Mar\u00e7o\/2017, h\u00e1 apenas uma sa\u00edda di\u00e1ria de Hornopir\u00e9n, as 10:30 da manh\u00e3. No ver\u00e3o, contudo, podem haver mais hor\u00e1rios. Informe-se antes de realizar as travessias.<\/p>\n<p>[\/et_pb_text][et_pb_divider admin_label=&#8221;Divisor&#8221; color=&#8221;#ffffff&#8221; show_divider=&#8221;off&#8221; height=&#8221;5&#8243; divider_style=&#8221;solid&#8221; divider_position=&#8221;top&#8221; hide_on_mobile=&#8221;on&#8221;] [\/et_pb_divider][et_pb_text admin_label=&#8221;Texto 3 balsa&#8221; background_layout=&#8221;light&#8221; text_orientation=&#8221;justified&#8221; use_border_color=&#8221;off&#8221; border_color=&#8221;#ffffff&#8221; border_style=&#8221;solid&#8221;]<\/p>\n<p><strong>BALSA 3 &#8211;\u00a0FIORDO LARGO AT\u00c9 CALETA GONZALO<\/strong><\/p>\n<p>Ap\u00f3s desembarcar em Leptepu voc\u00ea andar\u00e1\u00a010 km de r\u00edpio at\u00e9 chegar em Fiordo Largo, local de onde zarpa a balsa com destino a Caleta Gonzalo. S\u00e3o mais 45 minutos para percorrer as 5 milhas n\u00e1uticas pelo Fiordo Re\u00f1ihue. A balsa tamb\u00e9m conta com uma \u00e1rea para os passageiros descansarem, com sof\u00e1s, algumas mesas e banheiros.<\/p>\n<p>Finalmente, de Caleta Gonzalo voc\u00ea segue\u00a060 km, aproximadamente, at\u00e9 chegar em Chait\u00e9n e descansar depois de muitas horas na estrada.<\/p>\n<p>O hor\u00e1rio de sa\u00edda da 3\u00aa\u00a0balsa \u00a0\u00e9 calculado para que todos os que fizeram a travessia da 2\u00aa balsa tenham tempo suficiente para\u00a0atravessar o trecho de 10km de r\u00edpio e embarcar para a \u00faltima travessia. N\u00e3o precisa correr, n\u00e3o tem muito pra onde fugir \ud83d\ude1b<\/p>\n<p>&nbsp;<\/p>\n<p style=\"text-align: center;\"><strong>Imagem &#8211; Trajetos Segunda e Terceira Balsa &#8211; Clique na foto para ampliar<\/strong><\/p>\n<p><a href=\"http:\/\/memoriasdemochila.com.br\/blog\/wp-content\/uploads\/2017\/06\/Mapa-Tramo-2.jpg\"><img loading=\"lazy\" decoding=\"async\" class=\"wp-image-2450 aligncenter\" src=\"http:\/\/memoriasdemochila.com.br\/blog\/wp-content\/uploads\/2017\/06\/Mapa-Tramo-2-155x300.jpg\" alt=\"Carretera Austral Mapa Balsa 2\" width=\"227\" height=\"439\" srcset=\"http:\/\/memoriasdemochila.com.br\/blog\/wp-content\/uploads\/2017\/06\/Mapa-Tramo-2-155x300.jpg 155w, http:\/\/memoriasdemochila.com.br\/blog\/wp-content\/uploads\/2017\/06\/Mapa-Tramo-2-531x1024.jpg 531w, http:\/\/memoriasdemochila.com.br\/blog\/wp-content\/uploads\/2017\/06\/Mapa-Tramo-2-600x1158.jpg 600w, http:\/\/memoriasdemochila.com.br\/blog\/wp-content\/uploads\/2017\/06\/Mapa-Tramo-2.jpg 640w\" sizes=\"auto, (max-width: 227px) 100vw, 227px\" \/><\/a><\/p>\n<p>[\/et_pb_text][et_pb_divider admin_label=&#8221;Divisor&#8221; color=&#8221;#ffffff&#8221; show_divider=&#8221;off&#8221; height=&#8221;5&#8243; divider_style=&#8221;solid&#8221; divider_position=&#8221;top&#8221; hide_on_mobile=&#8221;on&#8221;] [\/et_pb_divider][et_pb_text admin_label=&#8221;Texto Aten\u00e7\u00e3o&#8221; background_layout=&#8221;light&#8221; text_orientation=&#8221;justified&#8221; use_border_color=&#8221;off&#8221; border_color=&#8221;#ffffff&#8221; border_style=&#8221;solid&#8221;]<\/p>\n<h4><strong>ATEN\u00c7\u00c3O<\/strong><\/h4>\n<p>A passagem a ser comprada deve abranger\u00a0o trajeto \u201cHornopir\u00e9n-Caleta Gonzalo\u201d (ou ao contr\u00e1rio, se voc\u00ea vier pelo sentido Sul-Norte). Essa mesma passagem d\u00e1 direito a 2\u00aa e a 3\u00aa balsa. Mencionamos\u00a0isso pois quase nos confundimos quando\u00a0fomos comprar pelo site. Existe a op\u00e7\u00e3o de comprar, separadamente, a 2\u00aa e 3\u00aa balsa. Paga-se um valor maior se fizer dessa maneira.\u00a0Pelo site da transportadora, selecione \u201cOrigem: Hornopir\u00e9n\u201d e \u201cDestino: Caleta Gonzalo\u201d (ou ao contr\u00e1rio caso seu trajeto seja do sul para o norte, claro). No final das contas, o site estava com problemas na parte de inserir os dados para pagamento. Fomos at\u00e9 a ag\u00eancia da empresa e compramos por l\u00e1 mesmo, muito mais f\u00e1cil e mais r\u00e1pido. Pagamos 38.500 pesos chilenos (aproximadamente R$192,00) para os trajetos da 2\u00aa e 3\u00aa balsa.<\/p>\n<p>Caso voc\u00ea se programe corretamente, <strong>as 3 travessias podem ser feitas todas no mesmo dia<\/strong>. Ser\u00e1 cansativo e voc\u00ea finalizar\u00e1 todas as travessias j\u00e1 durante a noite, muito provavelmente. Mas \u00e9 poss\u00edvel.<\/p>\n<p>[\/et_pb_text][et_pb_divider admin_label=&#8221;Divisor&#8221; color=&#8221;#ffffff&#8221; show_divider=&#8221;off&#8221; height=&#8221;5&#8243; divider_style=&#8221;solid&#8221; divider_position=&#8221;top&#8221; hide_on_mobile=&#8221;on&#8221;] [\/et_pb_divider][et_pb_text admin_label=&#8221;Texto 4 balsa&#8221; background_layout=&#8221;light&#8221; text_orientation=&#8221;justified&#8221; use_border_color=&#8221;off&#8221; border_color=&#8221;#ffffff&#8221; border_style=&#8221;solid&#8221;]<\/p>\n<p><strong>BALSA 4 &#8211;\u00a0PUERTO YUNGAY AT\u00c9 RIO BRAVO<\/strong><\/p>\n<div class=\"et_pb_text et_pb_module et_pb_bg_layout_light et_pb_text_align_justified et_pb_text_11\">\n<p>Bem mais ao sul, pr\u00f3ximo ao fim da Carretera Austral h\u00e1 outro trecho de balsa, pouco mencionado em sites que tratam do assunto. O trecho de 9 km que liga Puerto Yungay a Rio Bravo leva, aproximadamente, 30 minutos e a balsa tamb\u00e9m conta com uma \u00e1rea interna para os passageiros descansarem.<\/p>\n<p>O trajeto \u00e9 gratuito e acontece algumas vezes por dia. Na temporada baixa \u2013 de abril a outubro \u2013 as sa\u00eddas, no sentido Puerto Yungay-Rio Bravo s\u00e3o \u00e0s 12 e \u00e0s 15 horas (e \u00e0s \u00a010:00 as segundas, quintas e s\u00e1bados). Recomendamos sempre checar o site da transportadora para confirmar se as informa\u00e7\u00f5es continuam as mesmas. A empresa que realiza essa travessia \u00e9 a Somarco e o site deles pode ser acessado <a href=\"http:\/\/www.barcazas.cl\/\">aqui<\/a>.<\/p>\n<p>O embarque \u00e9 feito por ordem de chegada e h\u00e1 pouco espa\u00e7o para carros. Portanto, procure chegar com anteced\u00eancia, ou ter\u00e1 que aguardar a pr\u00f3xima balsa (que poder\u00e1 ser somente no pr\u00f3ximo dia).<\/p>\n<\/div>\n<p>[\/et_pb_text][et_pb_divider admin_label=&#8221;Divisor&#8221; color=&#8221;#ffffff&#8221; show_divider=&#8221;off&#8221; height=&#8221;5&#8243; divider_style=&#8221;solid&#8221; divider_position=&#8221;top&#8221; hide_on_mobile=&#8221;on&#8221;] [\/et_pb_divider][et_pb_text admin_label=&#8221;FAQ7 Fugir das Balsas&#8221; background_layout=&#8221;light&#8221; text_orientation=&#8221;justified&#8221; use_border_color=&#8221;off&#8221; border_color=&#8221;#ffffff&#8221; border_style=&#8221;solid&#8221;]<\/p>\n<p><span style=\"font-size: 12pt;\"><strong>\u00c9 POSS\u00cdVEL FUGIR DAS BALSAS?<\/strong><\/span><\/p>\n<p><strong>Sim, mas depende por onde voc\u00ea &#8220;entra&#8221; na estrada. Explico.<\/strong><\/p>\n<p>Caso voc\u00ea comece sua aventura\u00a0por Puerto Montt (ou seja, percorra a Carretera Austral no sentido Norte-Sul) voc\u00ea OBRIGATORIAMENTE passar\u00e1 por trechos com travessia de balsa (no m\u00ednimo as 3 primeiras balsas descritas anteriormente). A 4\u00aa e \u00faltima balsa pode ser evitada caso voc\u00ea n\u00e3o percorra a estrada em sua totalidade e saia pela Argentina antes de chegar em Puerto Yungay.<\/p>\n<p>Por outro lado, caso voc\u00ea ingresse na Carrera Austral pelo sul &#8211; por Chile Chico, por exemplo &#8211; voc\u00ea pode evitar todas as balsas e rodar somente por terra. Para isso, saia da estrada no cruzamento com a CH-235, sentido Futaleuf\u00fa e de l\u00e1 siga para a Argentina. Saiba, por\u00e9m, que voc\u00ea deixar\u00e1 de explorar muitos trechos da Carretera Austral.<\/p>\n<p>[\/et_pb_text][et_pb_divider admin_label=&#8221;Divisor&#8221; color=&#8221;#ffffff&#8221; show_divider=&#8221;off&#8221; height=&#8221;15&#8243; divider_style=&#8221;solid&#8221; divider_position=&#8221;top&#8221; hide_on_mobile=&#8221;on&#8221;] [\/et_pb_divider][et_pb_text admin_label=&#8221;TextoChamado&#8221; background_layout=&#8221;light&#8221; text_orientation=&#8221;justified&#8221; use_border_color=&#8221;off&#8221; border_color=&#8221;#ffffff&#8221; border_style=&#8221;solid&#8221;]<\/p>\n<h4 style=\"text-align: center;\"><strong>Ficou confuso? N\u00e3o se preocupe, n\u00f3s tamb\u00e9m est\u00e1vamos! S\u00e3o muitos nomes e trechos. Mas fique tranquilo que no final tudo d\u00e1 certo \ud83d\ude42<\/strong><\/h4>\n<p>[\/et_pb_text][et_pb_divider admin_label=&#8221;Divisor&#8221; color=&#8221;#ffffff&#8221; show_divider=&#8221;off&#8221; height=&#8221;15&#8243; divider_style=&#8221;solid&#8221; divider_position=&#8221;top&#8221; hide_on_mobile=&#8221;on&#8221;] [\/et_pb_divider][et_pb_text admin_label=&#8221;TextoFinal&#8221; background_layout=&#8221;light&#8221; text_orientation=&#8221;justified&#8221; use_border_color=&#8221;off&#8221; border_color=&#8221;#ffffff&#8221; border_style=&#8221;solid&#8221;]<\/p>\n<p style=\"text-align: left;\">Devo admitir que, no momento que est\u00e1vamos desenhando\u00a0<a href=\"http:\/\/memoriasdemochila.com.br\/blog\/2017\/02\/05\/o-roteiro\/\">o roteiro da viagem<\/a>, passar por essa estrada n\u00e3o estava em nossos planos. A id\u00e9ia era seguir pelo lado argentino, pela tamb\u00e9m famosa Ruta 40. Contudo, ap\u00f3s muita pesquisa e leitura, decidimos explorar essa regi\u00e3o t\u00e3o isolada e incr\u00edvel do pa\u00eds andino.<\/p>\n<p style=\"text-align: left;\">Hoje n\u00e3o nos arrependemos de nem um minuto que passamos naqueles trechos de pouco asfalto e muitos buracos. As paisagens que vimos e as sensa\u00e7\u00f5es que tivemos v\u00e3o ficar por muito tempo em nossas mem\u00f3rias. \u00c9 um lugar realmente muito diferente de tudo que j\u00e1 presenciamos.<\/p>\n<p style=\"text-align: left;\"><strong>E a\u00ed? Ficou com mais alguma d\u00favida da Carretera Austral? Mande sua pergunta pra gente!<\/strong><\/p>\n<p>[\/et_pb_text][\/et_pb_column][\/et_pb_row][et_pb_row admin_label=&#8221;Linha&#8221;][et_pb_column type=&#8221;4_4&#8243;][et_pb_divider admin_label=&#8221;Divisor&#8221; color=&#8221;#ffffff&#8221; show_divider=&#8221;off&#8221; height=&#8221;10&#8243; divider_style=&#8221;solid&#8221; divider_position=&#8221;top&#8221; hide_on_mobile=&#8221;on&#8221; \/][et_pb_divider admin_label=&#8221;Divisor Aparente&#8221; color=&#8221;rgba(110,110,110,0.6)&#8221; show_divider=&#8221;on&#8221; height=&#8221;2&#8243; divider_style=&#8221;solid&#8221; divider_position=&#8221;top&#8221; hide_on_mobile=&#8221;on&#8221; \/][et_pb_text admin_label=&#8221;Texto&#8221; background_layout=&#8221;light&#8221; text_orientation=&#8221;center&#8221; use_border_color=&#8221;off&#8221; border_color=&#8221;#ffffff&#8221; border_style=&#8221;solid&#8221;]<\/p>\n<h4><strong>MAIS FOTOS<\/strong><\/h4>\n<p>[\/et_pb_text][et_pb_divider admin_label=&#8221;Divisor&#8221; color=&#8221;#ffffff&#8221; show_divider=&#8221;off&#8221; height=&#8221;10&#8243; divider_style=&#8221;solid&#8221; divider_position=&#8221;top&#8221; hide_on_mobile=&#8221;on&#8221; \/][\/et_pb_column][\/et_pb_row][et_pb_row admin_label=&#8221;Linha&#8221;][et_pb_column type=&#8221;1_2&#8243;][et_pb_image admin_label=&#8221;Imagem&#8221; src=&#8221;http:\/\/memoriasdemochila.com.br\/blog\/wp-content\/uploads\/2017\/06\/IMG_0783-1-e1497923565703.jpg&#8221; alt=&#8221;Carretera Austral&#8221; show_in_lightbox=&#8221;off&#8221; url_new_window=&#8221;off&#8221; use_overlay=&#8221;off&#8221; animation=&#8221;left&#8221; sticky=&#8221;off&#8221; align=&#8221;left&#8221; force_fullwidth=&#8221;off&#8221; always_center_on_mobile=&#8221;on&#8221; use_border_color=&#8221;off&#8221; border_color=&#8221;#ffffff&#8221; border_style=&#8221;solid&#8221;] [\/et_pb_image][et_pb_image admin_label=&#8221;Imagem&#8221; src=&#8221;http:\/\/memoriasdemochila.com.br\/blog\/wp-content\/uploads\/2017\/06\/IMG_0759-1-e1497923525779.jpg&#8221; alt=&#8221;Carretera Austral&#8221; show_in_lightbox=&#8221;off&#8221; url_new_window=&#8221;off&#8221; use_overlay=&#8221;off&#8221; animation=&#8221;left&#8221; sticky=&#8221;off&#8221; align=&#8221;left&#8221; force_fullwidth=&#8221;off&#8221; always_center_on_mobile=&#8221;on&#8221; use_border_color=&#8221;off&#8221; border_color=&#8221;#ffffff&#8221; border_style=&#8221;solid&#8221;] [\/et_pb_image][et_pb_image admin_label=&#8221;Imagem&#8221; src=&#8221;http:\/\/memoriasdemochila.com.br\/blog\/wp-content\/uploads\/2017\/06\/IMG_0789-1-e1497923609276.jpg&#8221; alt=&#8221;Carretera Austral&#8221; show_in_lightbox=&#8221;off&#8221; url_new_window=&#8221;off&#8221; use_overlay=&#8221;off&#8221; animation=&#8221;left&#8221; sticky=&#8221;off&#8221; align=&#8221;left&#8221; force_fullwidth=&#8221;off&#8221; always_center_on_mobile=&#8221;on&#8221; use_border_color=&#8221;off&#8221; border_color=&#8221;#ffffff&#8221; border_style=&#8221;solid&#8221;] [\/et_pb_image][et_pb_image admin_label=&#8221;Imagem&#8221; src=&#8221;http:\/\/memoriasdemochila.com.br\/blog\/wp-content\/uploads\/2017\/06\/IMG_0881-1-e1497923705993.jpg&#8221; alt=&#8221;Carretera Austral&#8221; show_in_lightbox=&#8221;off&#8221; url_new_window=&#8221;off&#8221; use_overlay=&#8221;off&#8221; animation=&#8221;left&#8221; sticky=&#8221;off&#8221; align=&#8221;left&#8221; force_fullwidth=&#8221;off&#8221; always_center_on_mobile=&#8221;on&#8221; use_border_color=&#8221;off&#8221; border_color=&#8221;#ffffff&#8221; border_style=&#8221;solid&#8221;] [\/et_pb_image][\/et_pb_column][et_pb_column type=&#8221;1_2&#8243;][et_pb_image admin_label=&#8221;Imagem&#8221; src=&#8221;http:\/\/memoriasdemochila.com.br\/blog\/wp-content\/uploads\/2017\/06\/IMG_0767-1-e1497142680185.jpg&#8221; alt=&#8221;Carretera Austral&#8221; show_in_lightbox=&#8221;off&#8221; url_new_window=&#8221;off&#8221; use_overlay=&#8221;off&#8221; animation=&#8221;left&#8221; sticky=&#8221;off&#8221; align=&#8221;left&#8221; force_fullwidth=&#8221;off&#8221; always_center_on_mobile=&#8221;on&#8221; use_border_color=&#8221;off&#8221; border_color=&#8221;#ffffff&#8221; border_style=&#8221;solid&#8221;] [\/et_pb_image][et_pb_image admin_label=&#8221;Imagem&#8221; src=&#8221;http:\/\/memoriasdemochila.com.br\/blog\/wp-content\/uploads\/2017\/06\/IMG_0844-1-e1497923626447.jpg&#8221; alt=&#8221;Carretera Austral&#8221; show_in_lightbox=&#8221;off&#8221; url_new_window=&#8221;off&#8221; use_overlay=&#8221;off&#8221; animation=&#8221;left&#8221; sticky=&#8221;off&#8221; align=&#8221;left&#8221; force_fullwidth=&#8221;off&#8221; always_center_on_mobile=&#8221;on&#8221; use_border_color=&#8221;off&#8221; border_color=&#8221;#ffffff&#8221; border_style=&#8221;solid&#8221;] [\/et_pb_image][et_pb_image admin_label=&#8221;Imagem&#8221; src=&#8221;http:\/\/memoriasdemochila.com.br\/blog\/wp-content\/uploads\/2017\/06\/IMG_0788-1-e1497923584181.jpg&#8221; alt=&#8221;Carretera Austral&#8221; show_in_lightbox=&#8221;off&#8221; url_new_window=&#8221;off&#8221; use_overlay=&#8221;off&#8221; animation=&#8221;left&#8221; sticky=&#8221;off&#8221; align=&#8221;left&#8221; force_fullwidth=&#8221;off&#8221; always_center_on_mobile=&#8221;on&#8221; use_border_color=&#8221;off&#8221; border_color=&#8221;#ffffff&#8221; border_style=&#8221;solid&#8221;] [\/et_pb_image][et_pb_image admin_label=&#8221;Imagem&#8221; src=&#8221;http:\/\/memoriasdemochila.com.br\/blog\/wp-content\/uploads\/2017\/06\/IMG_0876-1-e1497923681312.jpg&#8221; alt=&#8221;Carretera Austral&#8221; show_in_lightbox=&#8221;off&#8221; url_new_window=&#8221;off&#8221; use_overlay=&#8221;off&#8221; animation=&#8221;left&#8221; sticky=&#8221;off&#8221; align=&#8221;left&#8221; force_fullwidth=&#8221;off&#8221; always_center_on_mobile=&#8221;on&#8221; use_border_color=&#8221;off&#8221; border_color=&#8221;#ffffff&#8221; border_style=&#8221;solid&#8221;] [\/et_pb_image][\/et_pb_column][\/et_pb_row][\/et_pb_section]<\/p>\n","protected":false},"excerpt":{"rendered":"<p>[et_pb_section admin_label=&#8221;section&#8221;][et_pb_row admin_label=&#8221;row&#8221;][et_pb_column type=&#8221;4_4&#8243;][et_pb_text admin_label=&#8221;Frase Destaque&#8221; background_layout=&#8221;light&#8221; text_orientation=&#8221;center&#8221; use_border_color=&#8221;off&#8221; border_color=&#8221;#ffffff&#8221; border_style=&#8221;solid&#8221;] A Carretera Austral \u00e9 uma incr\u00edvel estrada chilena que liga a regi\u00e3o de Los Lagos \u00e0 regi\u00e3o de Ays\u00e9n, na zona sul\u00a0do pa\u00eds, e corta uma das regi\u00f5es mais isoladas e in\u00f3spitas do Chile, a zona rural da Patag\u00f4nia. [\/et_pb_text][et_pb_divider admin_label=&#8221;Divisor&#8221; color=&#8221;#ffffff&#8221; show_divider=&#8221;off&#8221; height=&#8221;15&#8243; [&hellip;]<\/p>\n","protected":false},"author":2,"featured_media":2355,"comment_status":"open","ping_status":"open","sticky":false,"template":"","format":"standard","meta":{"_exactmetrics_skip_tracking":false,"footnotes":""},"categories":[6,221,12,10],"tags":[401,380,395,337,387,379,385,386,397,396,384,390,381,393,382,391,400,394,392,383,402,18,389,398,388],"class_list":["post-2412","post","type-post","status-publish","format-standard","has-post-thumbnail","hentry","category-americadosul","category-chile","category-destaques","category-dicas","tag-4x4-na-carretera-austral","tag-a-carretera-austral-e-asfaltada","tag-a-carretera-austral-tem-bom-asfalto","tag-carretera-austral","tag-carretera-austral-chile","tag-carretera-austral-de-carro","tag-carretera-austral-quando-ir","tag-carretera-austral-quanto-tempo","tag-carretera-austral-ripio","tag-carretera-austral-trechos-asfaltados","tag-como-chegar-na-carretera-austral","tag-dicas-do-chile","tag-hospedagem-carretera-austral","tag-onde-dormir-na-carretera-austral","tag-onde-fica-a-carretera-austral","tag-patagonia-chilena-de-carro","tag-preciso-de-4x4-na-carretera-austral","tag-quanto-custa-o-combustivel-na-carretera-austral","tag-tem-como-cruzar-a-carretera-austral-de-carro","tag-tem-posto-na-carretera-austral","tag-tipo-de-carro-na-carretera-austral","tag-viagem-de-carro","tag-viagem-de-carro-pela-america","tag-viagem-de-carro-pelo-chile","tag-viajar-pela-carretera-austral"],"yoast_head":"<!-- This site is optimized with the Yoast SEO plugin v26.9 - https:\/\/yoast.com\/product\/yoast-seo-wordpress\/ -->\n<title>Um guia definitivo para cruzar a Carretera Austral - Mem\u00f3rias de Mochila<\/title>\n<meta name=\"description\" content=\"Preparamos um guia para quem quer saber mais sobre a Carretera Austral, essa incr\u00edvel estrada que cruza a Patag\u00f4nia rural chilena.\" \/>\n<meta name=\"robots\" content=\"index, follow, max-snippet:-1, max-image-preview:large, max-video-preview:-1\" \/>\n<link rel=\"canonical\" href=\"http:\/\/memoriasdemochila.com.br\/blog\/2017\/06\/23\/guia-definitivo-carretera-austral\/\" \/>\n<meta property=\"og:locale\" content=\"pt_BR\" \/>\n<meta property=\"og:type\" content=\"article\" \/>\n<meta property=\"og:title\" content=\"Um guia definitivo para cruzar a Carretera Austral - Mem\u00f3rias de Mochila\" \/>\n<meta property=\"og:description\" content=\"Preparamos um guia para quem quer saber mais sobre a Carretera Austral, essa incr\u00edvel estrada que cruza a Patag\u00f4nia rural chilena.\" \/>\n<meta property=\"og:url\" content=\"http:\/\/memoriasdemochila.com.br\/blog\/2017\/06\/23\/guia-definitivo-carretera-austral\/\" \/>\n<meta property=\"og:site_name\" content=\"Mem\u00f3rias de Mochila\" \/>\n<meta property=\"article:published_time\" content=\"2017-06-23T03:48:19+00:00\" \/>\n<meta property=\"article:modified_time\" content=\"2018-02-24T16:58:13+00:00\" \/>\n<meta property=\"og:image\" content=\"http:\/\/memoriasdemochila.com.br\/blog\/wp-content\/uploads\/2017\/06\/IMG_0753-1-e1497142517578.jpg\" \/>\n\t<meta property=\"og:image:width\" content=\"2000\" \/>\n\t<meta property=\"og:image:height\" content=\"1333\" \/>\n\t<meta property=\"og:image:type\" content=\"image\/jpeg\" \/>\n<meta name=\"author\" content=\"Ricardo Breda\" \/>\n<meta name=\"twitter:card\" content=\"summary_large_image\" \/>\n<meta name=\"twitter:label1\" content=\"Escrito por\" \/>\n\t<meta name=\"twitter:data1\" content=\"Ricardo Breda\" \/>\n\t<meta name=\"twitter:label2\" content=\"Est. tempo de leitura\" \/>\n\t<meta name=\"twitter:data2\" content=\"24 minutos\" \/>\n<script type=\"application\/ld+json\" class=\"yoast-schema-graph\">{\"@context\":\"https:\/\/schema.org\",\"@graph\":[{\"@type\":\"Article\",\"@id\":\"http:\/\/memoriasdemochila.com.br\/blog\/2017\/06\/23\/guia-definitivo-carretera-austral\/#article\",\"isPartOf\":{\"@id\":\"http:\/\/memoriasdemochila.com.br\/blog\/2017\/06\/23\/guia-definitivo-carretera-austral\/\"},\"author\":{\"name\":\"Ricardo Breda\",\"@id\":\"http:\/\/memoriasdemochila.com.br\/blog\/#\/schema\/person\/ff1b5871cdb9c6dab65267aa8ac1f996\"},\"headline\":\"Um guia definitivo para cruzar a Carretera Austral\",\"datePublished\":\"2017-06-23T03:48:19+00:00\",\"dateModified\":\"2018-02-24T16:58:13+00:00\",\"mainEntityOfPage\":{\"@id\":\"http:\/\/memoriasdemochila.com.br\/blog\/2017\/06\/23\/guia-definitivo-carretera-austral\/\"},\"wordCount\":4856,\"commentCount\":71,\"image\":{\"@id\":\"http:\/\/memoriasdemochila.com.br\/blog\/2017\/06\/23\/guia-definitivo-carretera-austral\/#primaryimage\"},\"thumbnailUrl\":\"http:\/\/memoriasdemochila.com.br\/blog\/wp-content\/uploads\/2017\/06\/IMG_0753-1-e1497142517578.jpg\",\"keywords\":[\"4x4 na Carretera Austral\",\"A Carretera Austral \u00e9 asfaltada\",\"A Carretera Austral tem bom asfalto\",\"carretera austral\",\"Carretera Austral Chile\",\"Carretera Austral de carro\",\"Carretera Austral quando ir\",\"Carretera Austral quanto tempo\",\"Carretera Austral ripio\",\"Carretera Austral trechos asfaltados\",\"Como chegar na Carretera Austral\",\"Dicas do Chile\",\"Hospedagem Carretera Austral\",\"Onde dormir na Carretera Austral\",\"Onde fica a Carretera Austral\",\"Patagonia Chilena de carro\",\"Preciso de 4x4 na Carretera Austral\",\"Quanto custa o combustivel na Carretera Austral\",\"Tem como cruzar a Carretera Austral de carro\",\"Tem posto na Carretera Austral\",\"Tipo de carro na Carretera Austral\",\"viagem de carro\",\"Viagem de carro pela America\",\"Viagem de carro pelo Chile\",\"Viajar pela Carretera Austral\"],\"articleSection\":[\"Am\u00e9rica do Sul\",\"Chile\",\"Destaques\",\"Dicas\"],\"inLanguage\":\"pt-BR\",\"potentialAction\":[{\"@type\":\"CommentAction\",\"name\":\"Comment\",\"target\":[\"http:\/\/memoriasdemochila.com.br\/blog\/2017\/06\/23\/guia-definitivo-carretera-austral\/#respond\"]}]},{\"@type\":\"WebPage\",\"@id\":\"http:\/\/memoriasdemochila.com.br\/blog\/2017\/06\/23\/guia-definitivo-carretera-austral\/\",\"url\":\"http:\/\/memoriasdemochila.com.br\/blog\/2017\/06\/23\/guia-definitivo-carretera-austral\/\",\"name\":\"Um guia definitivo para cruzar a Carretera Austral - Mem\u00f3rias de Mochila\",\"isPartOf\":{\"@id\":\"http:\/\/memoriasdemochila.com.br\/blog\/#website\"},\"primaryImageOfPage\":{\"@id\":\"http:\/\/memoriasdemochila.com.br\/blog\/2017\/06\/23\/guia-definitivo-carretera-austral\/#primaryimage\"},\"image\":{\"@id\":\"http:\/\/memoriasdemochila.com.br\/blog\/2017\/06\/23\/guia-definitivo-carretera-austral\/#primaryimage\"},\"thumbnailUrl\":\"http:\/\/memoriasdemochila.com.br\/blog\/wp-content\/uploads\/2017\/06\/IMG_0753-1-e1497142517578.jpg\",\"datePublished\":\"2017-06-23T03:48:19+00:00\",\"dateModified\":\"2018-02-24T16:58:13+00:00\",\"author\":{\"@id\":\"http:\/\/memoriasdemochila.com.br\/blog\/#\/schema\/person\/ff1b5871cdb9c6dab65267aa8ac1f996\"},\"description\":\"Preparamos um guia para quem quer saber mais sobre a Carretera Austral, essa incr\u00edvel estrada que cruza a Patag\u00f4nia rural chilena.\",\"breadcrumb\":{\"@id\":\"http:\/\/memoriasdemochila.com.br\/blog\/2017\/06\/23\/guia-definitivo-carretera-austral\/#breadcrumb\"},\"inLanguage\":\"pt-BR\",\"potentialAction\":[{\"@type\":\"ReadAction\",\"target\":[\"http:\/\/memoriasdemochila.com.br\/blog\/2017\/06\/23\/guia-definitivo-carretera-austral\/\"]}]},{\"@type\":\"ImageObject\",\"inLanguage\":\"pt-BR\",\"@id\":\"http:\/\/memoriasdemochila.com.br\/blog\/2017\/06\/23\/guia-definitivo-carretera-austral\/#primaryimage\",\"url\":\"http:\/\/memoriasdemochila.com.br\/blog\/wp-content\/uploads\/2017\/06\/IMG_0753-1-e1497142517578.jpg\",\"contentUrl\":\"http:\/\/memoriasdemochila.com.br\/blog\/wp-content\/uploads\/2017\/06\/IMG_0753-1-e1497142517578.jpg\",\"width\":2000,\"height\":1333,\"caption\":\"Carro na carretera\"},{\"@type\":\"BreadcrumbList\",\"@id\":\"http:\/\/memoriasdemochila.com.br\/blog\/2017\/06\/23\/guia-definitivo-carretera-austral\/#breadcrumb\",\"itemListElement\":[{\"@type\":\"ListItem\",\"position\":1,\"name\":\"In\u00edcio\",\"item\":\"http:\/\/memoriasdemochila.com.br\/blog\/\"},{\"@type\":\"ListItem\",\"position\":2,\"name\":\"Um guia definitivo para cruzar a Carretera Austral\"}]},{\"@type\":\"WebSite\",\"@id\":\"http:\/\/memoriasdemochila.com.br\/blog\/#website\",\"url\":\"http:\/\/memoriasdemochila.com.br\/blog\/\",\"name\":\"Mem\u00f3rias de Mochila\",\"description\":\"De Carro pelas Am\u00e9ricas\",\"potentialAction\":[{\"@type\":\"SearchAction\",\"target\":{\"@type\":\"EntryPoint\",\"urlTemplate\":\"http:\/\/memoriasdemochila.com.br\/blog\/?s={search_term_string}\"},\"query-input\":{\"@type\":\"PropertyValueSpecification\",\"valueRequired\":true,\"valueName\":\"search_term_string\"}}],\"inLanguage\":\"pt-BR\"},{\"@type\":\"Person\",\"@id\":\"http:\/\/memoriasdemochila.com.br\/blog\/#\/schema\/person\/ff1b5871cdb9c6dab65267aa8ac1f996\",\"name\":\"Ricardo Breda\",\"image\":{\"@type\":\"ImageObject\",\"inLanguage\":\"pt-BR\",\"@id\":\"http:\/\/memoriasdemochila.com.br\/blog\/#\/schema\/person\/image\/\",\"url\":\"https:\/\/secure.gravatar.com\/avatar\/ef83242db50f38cb235ea9b90244a06f383e42377d3c2a82c25063285990b9ad?s=96&r=g\",\"contentUrl\":\"https:\/\/secure.gravatar.com\/avatar\/ef83242db50f38cb235ea9b90244a06f383e42377d3c2a82c25063285990b9ad?s=96&r=g\",\"caption\":\"Ricardo Breda\"},\"description\":\"Com 28 anos, Ricardo j\u00e1 visitou 40 pa\u00edses e n\u00e3o est\u00e1 nem um pouco satisfeito; seu objetivo \u00e9 conhecer todos os pa\u00edses do mundo e o Mem\u00f3rias de Mochila dar\u00e1 uma boa ajuda pra isso! Graduado em Administra\u00e7\u00e3o com \u00eanfase em Com\u00e9rcio Exterior pelo Mackenzie, deixa para tr\u00e1s uma carreira no mercado financeiro para satisfazer sua inquietude e curiosidade com rela\u00e7\u00e3o a novas culturas.\",\"url\":\"http:\/\/memoriasdemochila.com.br\/blog\/author\/ricardobreda\/\"}]}<\/script>\n<!-- \/ Yoast SEO plugin. -->","yoast_head_json":{"title":"Um guia definitivo para cruzar a Carretera Austral - Mem\u00f3rias de Mochila","description":"Preparamos um guia para quem quer saber mais sobre a Carretera Austral, essa incr\u00edvel estrada que cruza a Patag\u00f4nia rural chilena.","robots":{"index":"index","follow":"follow","max-snippet":"max-snippet:-1","max-image-preview":"max-image-preview:large","max-video-preview":"max-video-preview:-1"},"canonical":"http:\/\/memoriasdemochila.com.br\/blog\/2017\/06\/23\/guia-definitivo-carretera-austral\/","og_locale":"pt_BR","og_type":"article","og_title":"Um guia definitivo para cruzar a Carretera Austral - Mem\u00f3rias de Mochila","og_description":"Preparamos um guia para quem quer saber mais sobre a Carretera Austral, essa incr\u00edvel estrada que cruza a Patag\u00f4nia rural chilena.","og_url":"http:\/\/memoriasdemochila.com.br\/blog\/2017\/06\/23\/guia-definitivo-carretera-austral\/","og_site_name":"Mem\u00f3rias de Mochila","article_published_time":"2017-06-23T03:48:19+00:00","article_modified_time":"2018-02-24T16:58:13+00:00","og_image":[{"width":2000,"height":1333,"url":"http:\/\/memoriasdemochila.com.br\/blog\/wp-content\/uploads\/2017\/06\/IMG_0753-1-e1497142517578.jpg","type":"image\/jpeg"}],"author":"Ricardo Breda","twitter_card":"summary_large_image","twitter_misc":{"Escrito por":"Ricardo Breda","Est. tempo de leitura":"24 minutos"},"schema":{"@context":"https:\/\/schema.org","@graph":[{"@type":"Article","@id":"http:\/\/memoriasdemochila.com.br\/blog\/2017\/06\/23\/guia-definitivo-carretera-austral\/#article","isPartOf":{"@id":"http:\/\/memoriasdemochila.com.br\/blog\/2017\/06\/23\/guia-definitivo-carretera-austral\/"},"author":{"name":"Ricardo Breda","@id":"http:\/\/memoriasdemochila.com.br\/blog\/#\/schema\/person\/ff1b5871cdb9c6dab65267aa8ac1f996"},"headline":"Um guia definitivo para cruzar a Carretera Austral","datePublished":"2017-06-23T03:48:19+00:00","dateModified":"2018-02-24T16:58:13+00:00","mainEntityOfPage":{"@id":"http:\/\/memoriasdemochila.com.br\/blog\/2017\/06\/23\/guia-definitivo-carretera-austral\/"},"wordCount":4856,"commentCount":71,"image":{"@id":"http:\/\/memoriasdemochila.com.br\/blog\/2017\/06\/23\/guia-definitivo-carretera-austral\/#primaryimage"},"thumbnailUrl":"http:\/\/memoriasdemochila.com.br\/blog\/wp-content\/uploads\/2017\/06\/IMG_0753-1-e1497142517578.jpg","keywords":["4x4 na Carretera Austral","A Carretera Austral \u00e9 asfaltada","A Carretera Austral tem bom asfalto","carretera austral","Carretera Austral Chile","Carretera Austral de carro","Carretera Austral quando ir","Carretera Austral quanto tempo","Carretera Austral ripio","Carretera Austral trechos asfaltados","Como chegar na Carretera Austral","Dicas do Chile","Hospedagem Carretera Austral","Onde dormir na Carretera Austral","Onde fica a Carretera Austral","Patagonia Chilena de carro","Preciso de 4x4 na Carretera Austral","Quanto custa o combustivel na Carretera Austral","Tem como cruzar a Carretera Austral de carro","Tem posto na Carretera Austral","Tipo de carro na Carretera Austral","viagem de carro","Viagem de carro pela America","Viagem de carro pelo Chile","Viajar pela Carretera Austral"],"articleSection":["Am\u00e9rica do Sul","Chile","Destaques","Dicas"],"inLanguage":"pt-BR","potentialAction":[{"@type":"CommentAction","name":"Comment","target":["http:\/\/memoriasdemochila.com.br\/blog\/2017\/06\/23\/guia-definitivo-carretera-austral\/#respond"]}]},{"@type":"WebPage","@id":"http:\/\/memoriasdemochila.com.br\/blog\/2017\/06\/23\/guia-definitivo-carretera-austral\/","url":"http:\/\/memoriasdemochila.com.br\/blog\/2017\/06\/23\/guia-definitivo-carretera-austral\/","name":"Um guia definitivo para cruzar a Carretera Austral - Mem\u00f3rias de Mochila","isPartOf":{"@id":"http:\/\/memoriasdemochila.com.br\/blog\/#website"},"primaryImageOfPage":{"@id":"http:\/\/memoriasdemochila.com.br\/blog\/2017\/06\/23\/guia-definitivo-carretera-austral\/#primaryimage"},"image":{"@id":"http:\/\/memoriasdemochila.com.br\/blog\/2017\/06\/23\/guia-definitivo-carretera-austral\/#primaryimage"},"thumbnailUrl":"http:\/\/memoriasdemochila.com.br\/blog\/wp-content\/uploads\/2017\/06\/IMG_0753-1-e1497142517578.jpg","datePublished":"2017-06-23T03:48:19+00:00","dateModified":"2018-02-24T16:58:13+00:00","author":{"@id":"http:\/\/memoriasdemochila.com.br\/blog\/#\/schema\/person\/ff1b5871cdb9c6dab65267aa8ac1f996"},"description":"Preparamos um guia para quem quer saber mais sobre a Carretera Austral, essa incr\u00edvel estrada que cruza a Patag\u00f4nia rural chilena.","breadcrumb":{"@id":"http:\/\/memoriasdemochila.com.br\/blog\/2017\/06\/23\/guia-definitivo-carretera-austral\/#breadcrumb"},"inLanguage":"pt-BR","potentialAction":[{"@type":"ReadAction","target":["http:\/\/memoriasdemochila.com.br\/blog\/2017\/06\/23\/guia-definitivo-carretera-austral\/"]}]},{"@type":"ImageObject","inLanguage":"pt-BR","@id":"http:\/\/memoriasdemochila.com.br\/blog\/2017\/06\/23\/guia-definitivo-carretera-austral\/#primaryimage","url":"http:\/\/memoriasdemochila.com.br\/blog\/wp-content\/uploads\/2017\/06\/IMG_0753-1-e1497142517578.jpg","contentUrl":"http:\/\/memoriasdemochila.com.br\/blog\/wp-content\/uploads\/2017\/06\/IMG_0753-1-e1497142517578.jpg","width":2000,"height":1333,"caption":"Carro na carretera"},{"@type":"BreadcrumbList","@id":"http:\/\/memoriasdemochila.com.br\/blog\/2017\/06\/23\/guia-definitivo-carretera-austral\/#breadcrumb","itemListElement":[{"@type":"ListItem","position":1,"name":"In\u00edcio","item":"http:\/\/memoriasdemochila.com.br\/blog\/"},{"@type":"ListItem","position":2,"name":"Um guia definitivo para cruzar a Carretera Austral"}]},{"@type":"WebSite","@id":"http:\/\/memoriasdemochila.com.br\/blog\/#website","url":"http:\/\/memoriasdemochila.com.br\/blog\/","name":"Mem\u00f3rias de Mochila","description":"De Carro pelas Am\u00e9ricas","potentialAction":[{"@type":"SearchAction","target":{"@type":"EntryPoint","urlTemplate":"http:\/\/memoriasdemochila.com.br\/blog\/?s={search_term_string}"},"query-input":{"@type":"PropertyValueSpecification","valueRequired":true,"valueName":"search_term_string"}}],"inLanguage":"pt-BR"},{"@type":"Person","@id":"http:\/\/memoriasdemochila.com.br\/blog\/#\/schema\/person\/ff1b5871cdb9c6dab65267aa8ac1f996","name":"Ricardo Breda","image":{"@type":"ImageObject","inLanguage":"pt-BR","@id":"http:\/\/memoriasdemochila.com.br\/blog\/#\/schema\/person\/image\/","url":"https:\/\/secure.gravatar.com\/avatar\/ef83242db50f38cb235ea9b90244a06f383e42377d3c2a82c25063285990b9ad?s=96&r=g","contentUrl":"https:\/\/secure.gravatar.com\/avatar\/ef83242db50f38cb235ea9b90244a06f383e42377d3c2a82c25063285990b9ad?s=96&r=g","caption":"Ricardo Breda"},"description":"Com 28 anos, Ricardo j\u00e1 visitou 40 pa\u00edses e n\u00e3o est\u00e1 nem um pouco satisfeito; seu objetivo \u00e9 conhecer todos os pa\u00edses do mundo e o Mem\u00f3rias de Mochila dar\u00e1 uma boa ajuda pra isso! Graduado em Administra\u00e7\u00e3o com \u00eanfase em Com\u00e9rcio Exterior pelo Mackenzie, deixa para tr\u00e1s uma carreira no mercado financeiro para satisfazer sua inquietude e curiosidade com rela\u00e7\u00e3o a novas culturas.","url":"http:\/\/memoriasdemochila.com.br\/blog\/author\/ricardobreda\/"}]}},"_links":{"self":[{"href":"http:\/\/memoriasdemochila.com.br\/blog\/wp-json\/wp\/v2\/posts\/2412","targetHints":{"allow":["GET"]}}],"collection":[{"href":"http:\/\/memoriasdemochila.com.br\/blog\/wp-json\/wp\/v2\/posts"}],"about":[{"href":"http:\/\/memoriasdemochila.com.br\/blog\/wp-json\/wp\/v2\/types\/post"}],"author":[{"embeddable":true,"href":"http:\/\/memoriasdemochila.com.br\/blog\/wp-json\/wp\/v2\/users\/2"}],"replies":[{"embeddable":true,"href":"http:\/\/memoriasdemochila.com.br\/blog\/wp-json\/wp\/v2\/comments?post=2412"}],"version-history":[{"count":49,"href":"http:\/\/memoriasdemochila.com.br\/blog\/wp-json\/wp\/v2\/posts\/2412\/revisions"}],"predecessor-version":[{"id":5211,"href":"http:\/\/memoriasdemochila.com.br\/blog\/wp-json\/wp\/v2\/posts\/2412\/revisions\/5211"}],"wp:featuredmedia":[{"embeddable":true,"href":"http:\/\/memoriasdemochila.com.br\/blog\/wp-json\/wp\/v2\/media\/2355"}],"wp:attachment":[{"href":"http:\/\/memoriasdemochila.com.br\/blog\/wp-json\/wp\/v2\/media?parent=2412"}],"wp:term":[{"taxonomy":"category","embeddable":true,"href":"http:\/\/memoriasdemochila.com.br\/blog\/wp-json\/wp\/v2\/categories?post=2412"},{"taxonomy":"post_tag","embeddable":true,"href":"http:\/\/memoriasdemochila.com.br\/blog\/wp-json\/wp\/v2\/tags?post=2412"}],"curies":[{"name":"wp","href":"https:\/\/api.w.org\/{rel}","templated":true}]}}